{"id":273,"date":"2026-01-20T20:40:36","date_gmt":"2026-01-20T20:40:36","guid":{"rendered":"https:\/\/radioosjakow.pl\/?p=273"},"modified":"2026-01-20T20:40:51","modified_gmt":"2026-01-20T20:40:51","slug":"spotkanie-z-przedstawicielami-sektora-pozarzadowego-wspolnie-dla-dobra-gminy-osjakow","status":"publish","type":"post","link":"https:\/\/radioosjakow.pl\/?p=273","title":{"rendered":"Spotkanie z przedstawicielami sektora pozarz\u0105dowego \u2013 wsp\u00f3lnie dla dobra Gminy Osjak\u00f3w"},"content":{"rendered":"\n<p>Wsp\u00f3\u0142praca samorz\u0105du z organizacjami spo\u0142ecznymi to fundament silnej i aktywnej wsp\u00f3lnoty lokalnej. Dlatego z du\u017c\u0105 satysfakcj\u0105 informujemy o kolejnym spotkaniu z przedstawicielami sektora pozarz\u0105dowego, kt\u00f3re odby\u0142o si\u0119 <strong>9 stycznia<\/strong> w <strong>Gminnym O\u015brodku Kultury w Osjakowie<\/strong><\/p>\n\n\n\n<figure class=\"wp-block-gallery has-nested-images columns-default is-cropped wp-block-gallery-1 is-layout-flex wp-block-gallery-is-layout-flex\">\n<figure class=\"wp-block-image size-large\"><img loading=\"lazy\" width=\"1024\" height=\"834\" data-id=\"278\" src=\"https:\/\/radioosjakow.pl\/wp-content\/uploads\/2026\/01\/615226000_1301280582032749_8850836711180798867_n-1-1024x834.jpg\" alt=\"\" class=\"wp-image-278\" srcset=\"https:\/\/radioosjakow.pl\/wp-content\/uploads\/2026\/01\/615226000_1301280582032749_8850836711180798867_n-1-1024x834.jpg 1024w, https:\/\/radioosjakow.pl\/wp-content\/uploads\/2026\/01\/615226000_1301280582032749_8850836711180798867_n-1-300x244.jpg 300w, https:\/\/radioosjakow.pl\/wp-content\/uploads\/2026\/01\/615226000_1301280582032749_8850836711180798867_n-1-768x625.jpg 768w, https:\/\/radioosjakow.pl\/wp-content\/uploads\/2026\/01\/615226000_1301280582032749_8850836711180798867_n-1-100x81.jpg 100w, https:\/\/radioosjakow.pl\/wp-content\/uploads\/2026\/01\/615226000_1301280582032749_8850836711180798867_n-1-1536x1250.jpg 1536w, https:\/\/radioosjakow.pl\/wp-content\/uploads\/2026\/01\/615226000_1301280582032749_8850836711180798867_n-1.jpg 2048w\" sizes=\"auto, (max-width: 1024px) 100vw, 1024px\" \/><\/figure>\n\n\n\n<figure class=\"wp-block-image size-large\"><img loading=\"lazy\" width=\"1024\" height=\"772\" data-id=\"279\" src=\"https:\/\/radioosjakow.pl\/wp-content\/uploads\/2026\/01\/615236290_1301280395366101_4065058689641969584_n-1-1024x772.jpg\" alt=\"\" class=\"wp-image-279\" srcset=\"https:\/\/radioosjakow.pl\/wp-content\/uploads\/2026\/01\/615236290_1301280395366101_4065058689641969584_n-1-1024x772.jpg 1024w, https:\/\/radioosjakow.pl\/wp-content\/uploads\/2026\/01\/615236290_1301280395366101_4065058689641969584_n-1-300x226.jpg 300w, https:\/\/radioosjakow.pl\/wp-content\/uploads\/2026\/01\/615236290_1301280395366101_4065058689641969584_n-1-768x579.jpg 768w, https:\/\/radioosjakow.pl\/wp-content\/uploads\/2026\/01\/615236290_1301280395366101_4065058689641969584_n-1-100x75.jpg 100w, https:\/\/radioosjakow.pl\/wp-content\/uploads\/2026\/01\/615236290_1301280395366101_4065058689641969584_n-1-1536x1158.jpg 1536w, https:\/\/radioosjakow.pl\/wp-content\/uploads\/2026\/01\/615236290_1301280395366101_4065058689641969584_n-1.jpg 2048w\" sizes=\"auto, (max-width: 1024px) 100vw, 1024px\" \/><\/figure>\n\n\n\n<figure class=\"wp-block-image size-large\"><img loading=\"lazy\" width=\"1024\" height=\"768\" data-id=\"280\" src=\"https:\/\/radioosjakow.pl\/wp-content\/uploads\/2026\/01\/615272359_1301280435366097_7622369954788294235_n-1-1024x768.jpg\" alt=\"\" class=\"wp-image-280\" srcset=\"https:\/\/radioosjakow.pl\/wp-content\/uploads\/2026\/01\/615272359_1301280435366097_7622369954788294235_n-1-1024x768.jpg 1024w, https:\/\/radioosjakow.pl\/wp-content\/uploads\/2026\/01\/615272359_1301280435366097_7622369954788294235_n-1-300x225.jpg 300w, https:\/\/radioosjakow.pl\/wp-content\/uploads\/2026\/01\/615272359_1301280435366097_7622369954788294235_n-1-768x576.jpg 768w, https:\/\/radioosjakow.pl\/wp-content\/uploads\/2026\/01\/615272359_1301280435366097_7622369954788294235_n-1-100x75.jpg 100w, https:\/\/radioosjakow.pl\/wp-content\/uploads\/2026\/01\/615272359_1301280435366097_7622369954788294235_n-1-1536x1152.jpg 1536w, https:\/\/radioosjakow.pl\/wp-content\/uploads\/2026\/01\/615272359_1301280435366097_7622369954788294235_n-1.jpg 2048w\" sizes=\"auto, (max-width: 1024px) 100vw, 1024px\" \/><\/figure>\n\n\n\n<figure class=\"wp-block-image size-large\"><img data-id=\"281\" src=\"https:\/\/radioosjakow.pl\/wp-content\/uploads\/2026\/01\/615342566_1301280425366098_7743089294842206196_n-1-1024x753.jpg\" alt=\"\" class=\"wp-image-281\"\/><\/figure>\n<\/figure>\n\n\n\n<p>W wydarzeniu udzia\u0142 wzi\u0119\u0142a <strong>Burmistrz Miasta i Gminy Osjak\u00f3w \u2013 Pani Renata Kostrzycka<\/strong>, a tak\u017ce reprezentanci organizacji pozarz\u0105dowych, so\u0142ectw, k\u00f3\u0142 gospody\u0144 wiejskich oraz jednostek ochotniczych stra\u017cy po\u017carnych dzia\u0142aj\u0105cych na terenie gminy. Spotkanie by\u0142o okazj\u0105 do podsumowania minionego roku, om\u00f3wienia zrealizowanych inicjatyw oraz wsp\u00f3lnej analizy efekt\u00f3w podejmowanych dzia\u0142a\u0144 i wyzwa\u0144, z jakimi mierzy\u0142 si\u0119 sektor spo\u0142eczny.<\/p>\n\n\n\n<p>Istotnym punktem rozm\u00f3w by\u0142o r\u00f3wnie\u017c przedstawienie <strong>plan\u00f3w na rok 2026<\/strong>. Zaprezentowane za\u0142o\u017cenia pokaza\u0142y, \u017ce przed nami czas nowych pomys\u0142\u00f3w, ambitnych projekt\u00f3w i dalszego zacie\u015bniania wsp\u00f3\u0142pracy na rzecz mieszka\u0144c\u00f3w Gminy Osjak\u00f3w.<\/p>\n\n\n\n<p>Serdeczne podzi\u0119kowania kierujemy do wszystkich organizacji i instytucji spo\u0142ecznych za ogromne zaanga\u017cowanie, otwarto\u015b\u0107 i partnerskie podej\u015bcie. Wasza aktywno\u015b\u0107 i liczne inicjatywy realnie wp\u0142ywaj\u0105 na popraw\u0119 jako\u015bci \u017cycia lokalnej spo\u0142eczno\u015bci i buduj\u0105 poczucie wsp\u00f3lnoty.<\/p>\n\n\n\n<p>Z pe\u0142nym przekonaniem zapraszamy do kontynuowania wsp\u00f3\u0142pracy i realizacji kolejnych wsp\u00f3lnych przedsi\u0119wzi\u0119\u0107. Jeste\u015bcie niezast\u0105pionymi partnerami <strong>Gminnego O\u015brodka Kultury w Osjakowie<\/strong> w tworzeniu ciekawych, warto\u015bciowych dzia\u0142a\u0144.<br><strong>Razem mo\u017cemy jeszcze wi\u0119cej!<\/strong><\/p>\n","protected":false},"excerpt":{"rendered":"<p>Wsp\u00f3\u0142praca samorz\u0105du z organizacjami spo\u0142ecznymi to fundament silnej i aktywnej wsp\u00f3lnoty lokalnej. Dlatego z du\u017c\u0105 satysfakcj\u0105 informujemy o kolejnym spotkaniu z przedstawicielami sektora pozarz\u0105dowego, kt\u00f3re odby\u0142o si\u0119 9 stycznia w Gminnym O\u015brodku Kultury w Osjakowie W wydarzeniu udzia\u0142 wzi\u0119\u0142a Burmistrz Miasta i Gminy Osjak\u00f3w \u2013 Pani Renata Kostrzycka, a tak\u017ce reprezentanci organizacji pozarz\u0105dowych, so\u0142ectw, k\u00f3\u0142 [&hellip;]<\/p>\n","protected":false},"author":1,"featured_media":281,"comment_status":"open","ping_status":"open","sticky":false,"template":"","format":"standard","meta":{"footnotes":""},"categories":[7,8,3],"tags":[],"class_list":["post-273","post","type-post","status-publish","format-standard","has-post-thumbnail","hentry","category-gmina","category-gok","category-wiadomosci"],"_links":{"self":[{"href":"https:\/\/radioosjakow.pl\/index.php?rest_route=\/wp\/v2\/posts\/273","targetHints":{"allow":["GET"]}}],"collection":[{"href":"https:\/\/radioosjakow.pl\/index.php?rest_route=\/wp\/v2\/posts"}],"about":[{"href":"https:\/\/radioosjakow.pl\/index.php?rest_route=\/wp\/v2\/types\/post"}],"author":[{"embeddable":true,"href":"https:\/\/radioosjakow.pl\/index.php?rest_route=\/wp\/v2\/users\/1"}],"replies":[{"embeddable":true,"href":"https:\/\/radioosjakow.pl\/index.php?rest_route=%2Fwp%2Fv2%2Fcomments&post=273"}],"version-history":[{"count":1,"href":"https:\/\/radioosjakow.pl\/index.php?rest_route=\/wp\/v2\/posts\/273\/revisions"}],"predecessor-version":[{"id":282,"href":"https:\/\/radioosjakow.pl\/index.php?rest_route=\/wp\/v2\/posts\/273\/revisions\/282"}],"wp:featuredmedia":[{"embeddable":true,"href":"https:\/\/radioosjakow.pl\/index.php?rest_route=\/wp\/v2\/media\/281"}],"wp:attachment":[{"href":"https:\/\/radioosjakow.pl\/index.php?rest_route=%2Fwp%2Fv2%2Fmedia&parent=273"}],"wp:term":[{"taxonomy":"category","embeddable":true,"href":"https:\/\/radioosjakow.pl\/index.php?rest_route=%2Fwp%2Fv2%2Fcategories&post=273"},{"taxonomy":"post_tag","embeddable":true,"href":"https:\/\/radioosjakow.pl\/index.php?rest_route=%2Fwp%2Fv2%2Ftags&post=273"}],"curies":[{"name":"wp","href":"https:\/\/api.w.org\/{rel}","templated":true}]}}