{"id":283,"date":"2026-01-20T21:14:11","date_gmt":"2026-01-20T21:14:11","guid":{"rendered":"https:\/\/radioosjakow.pl\/?p=283"},"modified":"2026-01-20T21:14:11","modified_gmt":"2026-01-20T21:14:11","slug":"modernizacja-straznicy-osp-w-osjakowie-wazna-inwestycja-dla-bezpieczenstwa-mieszkancow","status":"publish","type":"post","link":"https:\/\/radioosjakow.pl\/?p=283","title":{"rendered":"Modernizacja stra\u017cnicy OSP w Osjakowie \u2013 wa\u017cna inwestycja dla bezpiecze\u0144stwa mieszka\u0144c\u00f3w"},"content":{"rendered":"\n<p>We <strong>wrze\u015bniu 2025 roku<\/strong> zainicjowano prace zwi\u0105zane z kompleksow\u0105 modernizacj\u0105 stra\u017cnicy Ochotniczej Stra\u017cy Po\u017carnej w Osjakowie. Inwestycja ta stanowi odpowied\u017a na wieloletnie problemy techniczne obiektu, kt\u00f3ry od dawna wymaga\u0142 gruntownego remontu oraz termomodernizacji. Dotychczasowe, dora\u017ane naprawy okaza\u0142y si\u0119 niewystarczaj\u0105ce, a z\u0142y stan budynku m\u00f3g\u0142 stanowi\u0107 zagro\u017cenie dla jego u\u017cytkownik\u00f3w.<\/p>\n\n\n\n<figure class=\"wp-block-image size-large\"><img loading=\"lazy\" width=\"1024\" height=\"768\" src=\"https:\/\/radioosjakow.pl\/wp-content\/uploads\/2026\/01\/615226000_1301280582032749_8850836711180798867_n-2-1024x768.jpg\" alt=\"\" class=\"wp-image-290\" srcset=\"https:\/\/radioosjakow.pl\/wp-content\/uploads\/2026\/01\/615226000_1301280582032749_8850836711180798867_n-2-1024x768.jpg 1024w, https:\/\/radioosjakow.pl\/wp-content\/uploads\/2026\/01\/615226000_1301280582032749_8850836711180798867_n-2-300x225.jpg 300w, https:\/\/radioosjakow.pl\/wp-content\/uploads\/2026\/01\/615226000_1301280582032749_8850836711180798867_n-2-768x576.jpg 768w, https:\/\/radioosjakow.pl\/wp-content\/uploads\/2026\/01\/615226000_1301280582032749_8850836711180798867_n-2-100x75.jpg 100w, https:\/\/radioosjakow.pl\/wp-content\/uploads\/2026\/01\/615226000_1301280582032749_8850836711180798867_n-2-1536x1152.jpg 1536w, https:\/\/radioosjakow.pl\/wp-content\/uploads\/2026\/01\/615226000_1301280582032749_8850836711180798867_n-2.jpg 2048w\" sizes=\"auto, (max-width: 1024px) 100vw, 1024px\" \/><\/figure>\n\n\n\n<p>Zakres zaplanowanych rob\u00f3t obejmuje zar\u00f3wno dzia\u0142ania konstrukcyjne, jak i modernizacyjne. Przewidziano m.in. wzmocnienie wybranych fragment\u00f3w fundament\u00f3w, cz\u0119\u015bciow\u0105 rozbi\u00f3rk\u0119 istniej\u0105cych \u015bcian zewn\u0119trznych i ich odbudow\u0119 wraz z ociepleniem, a tak\u017ce niwelacj\u0119 r\u00f3\u017cnic poziom\u00f3w w gara\u017cu poprzez wykonanie nowych warstw pod\u0142ogowych. Inwestycja zak\u0142ada r\u00f3wnie\u017c budow\u0119 nowego dachu, wymian\u0119 stolarki okiennej i drzwiowej, monta\u017c nowego \u017ar\u00f3d\u0142a ciep\u0142a oraz kompleksowe zagospodarowanie terenu wok\u00f3\u0142 stra\u017cnicy.<\/p>\n\n\n\n<p>Celem modernizacji jest pe\u0142ne dostosowanie obiektu do aktualnych potrzeb jednostki OSP w Osjakowie. Powi\u0119kszone zostan\u0105 stanowiska gara\u017cowe, obni\u017cona posadzka w cz\u0119\u015bci budynku, a stra\u017cacy zyskaj\u0105 nowoczesne zaplecze sanitarne oraz funkcjonaln\u0105 sal\u0119 zebra\u0144, poprawiaj\u0105c\u0105 warunki codziennej s\u0142u\u017cby i organizacji spotka\u0144.<\/p>\n\n\n\n<figure class=\"wp-block-gallery has-nested-images columns-default is-cropped wp-block-gallery-1 is-layout-flex wp-block-gallery-is-layout-flex\">\n<figure class=\"wp-block-image size-large\"><img data-id=\"288\" src=\"https:\/\/radioosjakow.pl\/wp-content\/uploads\/2026\/01\/548305094_1091931836382623_5913488111171511712_n-1024x768.jpg\" alt=\"\" class=\"wp-image-288\"\/><\/figure>\n\n\n\n<figure class=\"wp-block-image size-large\"><img loading=\"lazy\" width=\"768\" height=\"1024\" data-id=\"289\" src=\"https:\/\/radioosjakow.pl\/wp-content\/uploads\/2026\/01\/548308550_1091931896382617_5753008189483239926_n-768x1024.jpg\" alt=\"\" class=\"wp-image-289\" srcset=\"https:\/\/radioosjakow.pl\/wp-content\/uploads\/2026\/01\/548308550_1091931896382617_5753008189483239926_n-768x1024.jpg 768w, https:\/\/radioosjakow.pl\/wp-content\/uploads\/2026\/01\/548308550_1091931896382617_5753008189483239926_n-225x300.jpg 225w, https:\/\/radioosjakow.pl\/wp-content\/uploads\/2026\/01\/548308550_1091931896382617_5753008189483239926_n-100x133.jpg 100w, https:\/\/radioosjakow.pl\/wp-content\/uploads\/2026\/01\/548308550_1091931896382617_5753008189483239926_n-1152x1536.jpg 1152w, https:\/\/radioosjakow.pl\/wp-content\/uploads\/2026\/01\/548308550_1091931896382617_5753008189483239926_n.jpg 1536w\" sizes=\"auto, (max-width: 768px) 100vw, 768px\" \/><\/figure>\n\n\n\n<figure class=\"wp-block-image size-large\"><img loading=\"lazy\" width=\"1024\" height=\"768\" data-id=\"287\" src=\"https:\/\/radioosjakow.pl\/wp-content\/uploads\/2026\/01\/548225801_1091931749715965_5729427332227506520_n-1024x768.jpg\" alt=\"\" class=\"wp-image-287\" srcset=\"https:\/\/radioosjakow.pl\/wp-content\/uploads\/2026\/01\/548225801_1091931749715965_5729427332227506520_n-1024x768.jpg 1024w, https:\/\/radioosjakow.pl\/wp-content\/uploads\/2026\/01\/548225801_1091931749715965_5729427332227506520_n-300x225.jpg 300w, https:\/\/radioosjakow.pl\/wp-content\/uploads\/2026\/01\/548225801_1091931749715965_5729427332227506520_n-768x576.jpg 768w, https:\/\/radioosjakow.pl\/wp-content\/uploads\/2026\/01\/548225801_1091931749715965_5729427332227506520_n-100x75.jpg 100w, https:\/\/radioosjakow.pl\/wp-content\/uploads\/2026\/01\/548225801_1091931749715965_5729427332227506520_n-1536x1152.jpg 1536w, https:\/\/radioosjakow.pl\/wp-content\/uploads\/2026\/01\/548225801_1091931749715965_5729427332227506520_n.jpg 2048w\" sizes=\"auto, (max-width: 1024px) 100vw, 1024px\" \/><\/figure>\n\n\n\n<figure class=\"wp-block-image size-large\"><img loading=\"lazy\" width=\"1024\" height=\"768\" data-id=\"285\" src=\"https:\/\/radioosjakow.pl\/wp-content\/uploads\/2026\/01\/548216648_1091931886382618_3840839201999084421_n-1024x768.jpg\" alt=\"\" class=\"wp-image-285\" srcset=\"https:\/\/radioosjakow.pl\/wp-content\/uploads\/2026\/01\/548216648_1091931886382618_3840839201999084421_n-1024x768.jpg 1024w, https:\/\/radioosjakow.pl\/wp-content\/uploads\/2026\/01\/548216648_1091931886382618_3840839201999084421_n-300x225.jpg 300w, https:\/\/radioosjakow.pl\/wp-content\/uploads\/2026\/01\/548216648_1091931886382618_3840839201999084421_n-768x576.jpg 768w, https:\/\/radioosjakow.pl\/wp-content\/uploads\/2026\/01\/548216648_1091931886382618_3840839201999084421_n-100x75.jpg 100w, https:\/\/radioosjakow.pl\/wp-content\/uploads\/2026\/01\/548216648_1091931886382618_3840839201999084421_n-1536x1152.jpg 1536w, https:\/\/radioosjakow.pl\/wp-content\/uploads\/2026\/01\/548216648_1091931886382618_3840839201999084421_n.jpg 2048w\" sizes=\"auto, (max-width: 1024px) 100vw, 1024px\" \/><\/figure>\n\n\n\n<figure class=\"wp-block-image size-large\"><img loading=\"lazy\" width=\"768\" height=\"1024\" data-id=\"284\" src=\"https:\/\/radioosjakow.pl\/wp-content\/uploads\/2026\/01\/548194808_1091931846382622_6500449281433363478_n-768x1024.jpg\" alt=\"\" class=\"wp-image-284\" srcset=\"https:\/\/radioosjakow.pl\/wp-content\/uploads\/2026\/01\/548194808_1091931846382622_6500449281433363478_n-768x1024.jpg 768w, https:\/\/radioosjakow.pl\/wp-content\/uploads\/2026\/01\/548194808_1091931846382622_6500449281433363478_n-225x300.jpg 225w, https:\/\/radioosjakow.pl\/wp-content\/uploads\/2026\/01\/548194808_1091931846382622_6500449281433363478_n-100x133.jpg 100w, https:\/\/radioosjakow.pl\/wp-content\/uploads\/2026\/01\/548194808_1091931846382622_6500449281433363478_n-1152x1536.jpg 1152w, https:\/\/radioosjakow.pl\/wp-content\/uploads\/2026\/01\/548194808_1091931846382622_6500449281433363478_n.jpg 1536w\" sizes=\"auto, (max-width: 768px) 100vw, 768px\" \/><\/figure>\n<\/figure>\n\n\n\n<p>Nale\u017cy podkre\u015bli\u0107, \u017ce budynek stra\u017cnicy znajduje si\u0119 w strefie ochrony konserwatorskiej historycznego uk\u0142adu urbanistycznego Osjakowa, co wymaga prowadzenia prac z zachowaniem szczeg\u00f3lnej dba\u0142o\u015bci o walory architektoniczne i historyczne obiektu.<\/p>\n\n\n\n<p>Wykonawc\u0105 inwestycji jest firma <strong>IM KARCZBUD Sp. z o.o.<\/strong> z siedzib\u0105 w Wieluniu. Realizacja zadania przyczyni si\u0119 do znacz\u0105cej poprawy warunk\u00f3w funkcjonowania lokalnej jednostki OSP oraz podniesienia poziomu bezpiecze\u0144stwa mieszka\u0144c\u00f3w gminy.<\/p>\n","protected":false},"excerpt":{"rendered":"<p>We wrze\u015bniu 2025 roku zainicjowano prace zwi\u0105zane z kompleksow\u0105 modernizacj\u0105 stra\u017cnicy Ochotniczej Stra\u017cy Po\u017carnej w Osjakowie. Inwestycja ta stanowi odpowied\u017a na wieloletnie problemy techniczne obiektu, kt\u00f3ry od dawna wymaga\u0142 gruntownego remontu oraz termomodernizacji. Dotychczasowe, dora\u017ane naprawy okaza\u0142y si\u0119 niewystarczaj\u0105ce, a z\u0142y stan budynku m\u00f3g\u0142 stanowi\u0107 zagro\u017cenie dla jego u\u017cytkownik\u00f3w. Zakres zaplanowanych rob\u00f3t obejmuje zar\u00f3wno dzia\u0142ania [&hellip;]<\/p>\n","protected":false},"author":1,"featured_media":288,"comment_status":"open","ping_status":"open","sticky":false,"template":"","format":"standard","meta":{"footnotes":""},"categories":[7,3],"tags":[],"class_list":["post-283","post","type-post","status-publish","format-standard","has-post-thumbnail","hentry","category-gmina","category-wiadomosci"],"_links":{"self":[{"href":"https:\/\/radioosjakow.pl\/index.php?rest_route=\/wp\/v2\/posts\/283","targetHints":{"allow":["GET"]}}],"collection":[{"href":"https:\/\/radioosjakow.pl\/index.php?rest_route=\/wp\/v2\/posts"}],"about":[{"href":"https:\/\/radioosjakow.pl\/index.php?rest_route=\/wp\/v2\/types\/post"}],"author":[{"embeddable":true,"href":"https:\/\/radioosjakow.pl\/index.php?rest_route=\/wp\/v2\/users\/1"}],"replies":[{"embeddable":true,"href":"https:\/\/radioosjakow.pl\/index.php?rest_route=%2Fwp%2Fv2%2Fcomments&post=283"}],"version-history":[{"count":1,"href":"https:\/\/radioosjakow.pl\/index.php?rest_route=\/wp\/v2\/posts\/283\/revisions"}],"predecessor-version":[{"id":291,"href":"https:\/\/radioosjakow.pl\/index.php?rest_route=\/wp\/v2\/posts\/283\/revisions\/291"}],"wp:featuredmedia":[{"embeddable":true,"href":"https:\/\/radioosjakow.pl\/index.php?rest_route=\/wp\/v2\/media\/288"}],"wp:attachment":[{"href":"https:\/\/radioosjakow.pl\/index.php?rest_route=%2Fwp%2Fv2%2Fmedia&parent=283"}],"wp:term":[{"taxonomy":"category","embeddable":true,"href":"https:\/\/radioosjakow.pl\/index.php?rest_route=%2Fwp%2Fv2%2Fcategories&post=283"},{"taxonomy":"post_tag","embeddable":true,"href":"https:\/\/radioosjakow.pl\/index.php?rest_route=%2Fwp%2Fv2%2Ftags&post=283"}],"curies":[{"name":"wp","href":"https:\/\/api.w.org\/{rel}","templated":true}]}}