{"id":604,"date":"2026-02-02T20:12:31","date_gmt":"2026-02-02T20:12:31","guid":{"rendered":"https:\/\/radioosjakow.pl\/?p=604"},"modified":"2026-02-02T20:12:31","modified_gmt":"2026-02-02T20:12:31","slug":"nowosc-w-osjakowie-fitness-dla-dzieci","status":"publish","type":"post","link":"https:\/\/radioosjakow.pl\/?p=604","title":{"rendered":"NOWO\u015a\u0106 W OSJAKOWIE! FITNESS DLA DZIECI"},"content":{"rendered":"\n<p>Twoje dziecko ma niespo\u017cyt\u0105 energi\u0119? Uwielbia ruch, muzyk\u0119 i dobr\u0105 zabaw\u0119? Mamy \u015bwietn\u0105 wiadomo\u015b\u0107 dla rodzic\u00f3w i najm\u0142odszych mieszka\u0144c\u00f3w gminy Osjak\u00f3w! Ju\u017c po feriach startuj\u0105 <strong>zaj\u0119cia fitness dla dzieci w wieku 6\u201313 lat<\/strong> w Gminnym O\u015brodku Kultury w Osjakowie.<\/p>\n\n\n\n<p>To wyj\u0105tkowe zaj\u0119cia, kt\u00f3re \u0142\u0105cz\u0105 aktywno\u015b\u0107 fizyczn\u0105 z rado\u015bci\u0105 i zabaw\u0105. Dzieci nawet nie zauwa\u017c\u0105, \u017ce to \u201etrening\u201d \u2013 dla nich b\u0119dzie to czas pe\u0142en \u015bmiechu, ruchu i wsp\u00f3lnej zabawy z r\u00f3wie\u015bnikami.<\/p>\n\n\n\n<figure class=\"wp-block-image size-large\"><img loading=\"lazy\" width=\"683\" height=\"1024\" src=\"https:\/\/radioosjakow.pl\/wp-content\/uploads\/2026\/02\/626960290_122249073428141169_1879357046121487417_n-683x1024.jpg\" alt=\"\" class=\"wp-image-605\"\/><\/figure>\n\n\n\n<h3 class=\"wp-block-heading\">Co czeka uczestnik\u00f3w?<\/h3>\n\n\n\n<p>\ud83c\udfc3 gry i zabawy ruchowe<br>\ud83c\udfb5 \u0107wiczenia przy muzyce<br>\ud83e\udd38 tory przeszk\u00f3d<br>\ud83d\udca5 skakanie, bieganie, wygibasy i prawdziwy kosmos energii<\/p>\n\n\n\n<p>Zaj\u0119cia pomagaj\u0105 rozwija\u0107 sprawno\u015b\u0107, koordynacj\u0119 i pewno\u015b\u0107 siebie, a jednocze\u015bnie ucz\u0105 wsp\u00f3\u0142pracy i zdrowych nawyk\u00f3w w przyjaznej, bezpiecznej atmosferze.<\/p>\n\n\n\n<h3 class=\"wp-block-heading\">Najwa\u017cniejsze informacje:<\/h3>\n\n\n\n<p>\ud83d\udc67\ud83e\uddd2 <strong>Grupa wiekowa:<\/strong> 6\u201313 lat<br>\ud83d\udccd <strong>Miejsce:<\/strong> Gminny O\u015brodek Kultury w Osjakowie<br>\ud83d\uddd3 <strong>Start:<\/strong> po feriach<br>\ud83d\udce9 <strong>Zapisy i informacje:<\/strong> 603 557 340<\/p>\n\n\n\n<p>Je\u015bli chcesz, aby Twoje dziecko aktywnie sp\u0119dza\u0142o czas, poznawa\u0142o nowych koleg\u00f3w i kole\u017canki oraz \u015bwietnie si\u0119 bawi\u0142o \u2013 te zaj\u0119cia s\u0105 idealnym wyborem.<\/p>\n","protected":false},"excerpt":{"rendered":"<p>Twoje dziecko ma niespo\u017cyt\u0105 energi\u0119? Uwielbia ruch, muzyk\u0119 i dobr\u0105 zabaw\u0119? Mamy \u015bwietn\u0105 wiadomo\u015b\u0107 dla rodzic\u00f3w i najm\u0142odszych mieszka\u0144c\u00f3w gminy Osjak\u00f3w! Ju\u017c po feriach startuj\u0105 zaj\u0119cia fitness dla dzieci w wieku 6\u201313 lat w Gminnym O\u015brodku Kultury w Osjakowie. To wyj\u0105tkowe zaj\u0119cia, kt\u00f3re \u0142\u0105cz\u0105 aktywno\u015b\u0107 fizyczn\u0105 z rado\u015bci\u0105 i zabaw\u0105. Dzieci nawet nie zauwa\u017c\u0105, \u017ce [&hellip;]<\/p>\n","protected":false},"author":1,"featured_media":605,"comment_status":"open","ping_status":"open","sticky":false,"template":"","format":"standard","meta":{"footnotes":""},"categories":[7,8,3],"tags":[],"class_list":["post-604","post","type-post","status-publish","format-standard","has-post-thumbnail","hentry","category-gmina","category-gok","category-wiadomosci"],"_links":{"self":[{"href":"https:\/\/radioosjakow.pl\/index.php?rest_route=\/wp\/v2\/posts\/604","targetHints":{"allow":["GET"]}}],"collection":[{"href":"https:\/\/radioosjakow.pl\/index.php?rest_route=\/wp\/v2\/posts"}],"about":[{"href":"https:\/\/radioosjakow.pl\/index.php?rest_route=\/wp\/v2\/types\/post"}],"author":[{"embeddable":true,"href":"https:\/\/radioosjakow.pl\/index.php?rest_route=\/wp\/v2\/users\/1"}],"replies":[{"embeddable":true,"href":"https:\/\/radioosjakow.pl\/index.php?rest_route=%2Fwp%2Fv2%2Fcomments&post=604"}],"version-history":[{"count":1,"href":"https:\/\/radioosjakow.pl\/index.php?rest_route=\/wp\/v2\/posts\/604\/revisions"}],"predecessor-version":[{"id":606,"href":"https:\/\/radioosjakow.pl\/index.php?rest_route=\/wp\/v2\/posts\/604\/revisions\/606"}],"wp:featuredmedia":[{"embeddable":true,"href":"https:\/\/radioosjakow.pl\/index.php?rest_route=\/wp\/v2\/media\/605"}],"wp:attachment":[{"href":"https:\/\/radioosjakow.pl\/index.php?rest_route=%2Fwp%2Fv2%2Fmedia&parent=604"}],"wp:term":[{"taxonomy":"category","embeddable":true,"href":"https:\/\/radioosjakow.pl\/index.php?rest_route=%2Fwp%2Fv2%2Fcategories&post=604"},{"taxonomy":"post_tag","embeddable":true,"href":"https:\/\/radioosjakow.pl\/index.php?rest_route=%2Fwp%2Fv2%2Ftags&post=604"}],"curies":[{"name":"wp","href":"https:\/\/api.w.org\/{rel}","templated":true}]}}