{"id":63,"date":"2026-01-20T15:55:14","date_gmt":"2026-01-20T15:55:14","guid":{"rendered":"https:\/\/radioosjakow.pl\/?p=63"},"modified":"2026-01-20T15:55:43","modified_gmt":"2026-01-20T15:55:43","slug":"osjakow-uczci-163-rocznice-wybuchu-powstania-styczniowego","status":"publish","type":"post","link":"https:\/\/radioosjakow.pl\/?p=63","title":{"rendered":"Osjak\u00f3w uczci 163. rocznic\u0119 wybuchu Powstania Styczniowego"},"content":{"rendered":"\n<p>Burmistrz Miasta i Gminy Osjak\u00f3w zaprasza mieszka\u0144c\u00f3w oraz go\u015bci do udzia\u0142u w uroczysto\u015bciach upami\u0119tniaj\u0105cych <strong>163. rocznic\u0119 wybuchu Powstania Styczniowego<\/strong> \u2013 jednego z najwa\u017cniejszych zryw\u00f3w niepodleg\u0142o\u015bciowych w historii Polski.<\/p>\n\n\n\n<figure class=\"wp-block-image size-large\"><img loading=\"lazy\" width=\"723\" height=\"1024\" src=\"https:\/\/radioosjakow.pl\/wp-content\/uploads\/2026\/01\/615799473_1367865461807673_9151377857350694947_n-1-723x1024.jpg\" alt=\"\" class=\"wp-image-65\" srcset=\"https:\/\/radioosjakow.pl\/wp-content\/uploads\/2026\/01\/615799473_1367865461807673_9151377857350694947_n-1-723x1024.jpg 723w, https:\/\/radioosjakow.pl\/wp-content\/uploads\/2026\/01\/615799473_1367865461807673_9151377857350694947_n-1-212x300.jpg 212w, https:\/\/radioosjakow.pl\/wp-content\/uploads\/2026\/01\/615799473_1367865461807673_9151377857350694947_n-1-768x1087.jpg 768w, https:\/\/radioosjakow.pl\/wp-content\/uploads\/2026\/01\/615799473_1367865461807673_9151377857350694947_n-1-1085x1536.jpg 1085w, https:\/\/radioosjakow.pl\/wp-content\/uploads\/2026\/01\/615799473_1367865461807673_9151377857350694947_n-1.jpg 1266w\" sizes=\"auto, (max-width: 723px) 100vw, 723px\" \/><\/figure>\n\n\n\n<p>Wydarzenie odb\u0119dzie si\u0119 <strong>28 stycznia 2026 roku o godzinie 11:00<\/strong> w <strong>hali sportowej Szko\u0142y Podstawowej im. Powsta\u0144c\u00f3w Styczniowych w Osjakowie przy ul. Wielu\u0144skiej 14<\/strong>. Spotkanie b\u0119dzie okazj\u0105 do wsp\u00f3lnej refleksji nad losem bohater\u00f3w, kt\u00f3rzy walczyli o wolno\u015b\u0107 Ojczyzny, oraz do piel\u0119gnowania patriotycznych tradycji w\u015br\u00f3d m\u0142odszych pokole\u0144.<\/p>\n\n\n\n<p>Po cz\u0119\u015bci oficjalnej uczestnicy udadz\u0105 si\u0119 na <strong>Cmentarz Parafialny w Osjakowie<\/strong>, gdzie przy <strong>Kwaterze Powsta\u0144c\u00f3w Styczniowych<\/strong> nast\u0105pi uroczyste <strong>z\u0142o\u017cenie kwiat\u00f3w oraz zapalenie zniczy<\/strong>. B\u0119dzie to symboliczny gest pami\u0119ci i szacunku wobec tych, kt\u00f3rzy oddali \u017cycie w imi\u0119 niepodleg\u0142o\u015bci.<\/p>\n\n\n\n<p>Organizatorzy zach\u0119caj\u0105 do licznego udzia\u0142u wszystkich mieszka\u0144c\u00f3w gminy, przedstawicieli instytucji, szk\u00f3\u0142, stowarzysze\u0144 oraz os\u00f3b, kt\u00f3rym bliska jest historia regionu. Wsp\u00f3lna obecno\u015b\u0107 to najlepszy spos\u00f3b, by pokaza\u0107, \u017ce pami\u0119\u0107 o bohaterach Powstania Styczniowego w Osjakowie wci\u0105\u017c jest \u017cywa.<\/p>\n\n\n\n<p>\ud83d\udcc5 <strong>Data:<\/strong> 28.01.2026<br>\ud83d\udd5a <strong>Godzina:<\/strong> 11:00<br>\ud83d\udccd <strong>Miejsce:<\/strong> Hala sportowa SP im. Powsta\u0144c\u00f3w Styczniowych w Osjakowie<\/p>\n\n\n\n<p>Serdecznie zapraszamy do udzia\u0142u w tej wyj\u0105tkowej uroczysto\u015bci.<\/p>\n","protected":false},"excerpt":{"rendered":"<p>Burmistrz Miasta i Gminy Osjak\u00f3w zaprasza mieszka\u0144c\u00f3w oraz go\u015bci do udzia\u0142u w uroczysto\u015bciach upami\u0119tniaj\u0105cych 163. rocznic\u0119 wybuchu Powstania Styczniowego \u2013 jednego z najwa\u017cniejszych zryw\u00f3w niepodleg\u0142o\u015bciowych w historii Polski. Wydarzenie odb\u0119dzie si\u0119 28 stycznia 2026 roku o godzinie 11:00 w hali sportowej Szko\u0142y Podstawowej im. Powsta\u0144c\u00f3w Styczniowych w Osjakowie przy ul. Wielu\u0144skiej 14. Spotkanie b\u0119dzie okazj\u0105 [&hellip;]<\/p>\n","protected":false},"author":1,"featured_media":64,"comment_status":"open","ping_status":"open","sticky":false,"template":"","format":"standard","meta":{"footnotes":""},"categories":[3,4],"tags":[],"class_list":["post-63","post","type-post","status-publish","format-standard","has-post-thumbnail","hentry","category-wiadomosci","category-wydarzenia"],"_links":{"self":[{"href":"https:\/\/radioosjakow.pl\/index.php?rest_route=\/wp\/v2\/posts\/63","targetHints":{"allow":["GET"]}}],"collection":[{"href":"https:\/\/radioosjakow.pl\/index.php?rest_route=\/wp\/v2\/posts"}],"about":[{"href":"https:\/\/radioosjakow.pl\/index.php?rest_route=\/wp\/v2\/types\/post"}],"author":[{"embeddable":true,"href":"https:\/\/radioosjakow.pl\/index.php?rest_route=\/wp\/v2\/users\/1"}],"replies":[{"embeddable":true,"href":"https:\/\/radioosjakow.pl\/index.php?rest_route=%2Fwp%2Fv2%2Fcomments&post=63"}],"version-history":[{"count":1,"href":"https:\/\/radioosjakow.pl\/index.php?rest_route=\/wp\/v2\/posts\/63\/revisions"}],"predecessor-version":[{"id":66,"href":"https:\/\/radioosjakow.pl\/index.php?rest_route=\/wp\/v2\/posts\/63\/revisions\/66"}],"wp:featuredmedia":[{"embeddable":true,"href":"https:\/\/radioosjakow.pl\/index.php?rest_route=\/wp\/v2\/media\/64"}],"wp:attachment":[{"href":"https:\/\/radioosjakow.pl\/index.php?rest_route=%2Fwp%2Fv2%2Fmedia&parent=63"}],"wp:term":[{"taxonomy":"category","embeddable":true,"href":"https:\/\/radioosjakow.pl\/index.php?rest_route=%2Fwp%2Fv2%2Fcategories&post=63"},{"taxonomy":"post_tag","embeddable":true,"href":"https:\/\/radioosjakow.pl\/index.php?rest_route=%2Fwp%2Fv2%2Ftags&post=63"}],"curies":[{"name":"wp","href":"https:\/\/api.w.org\/{rel}","templated":true}]}}