{"id":69,"date":"2026-01-20T16:00:30","date_gmt":"2026-01-20T16:00:30","guid":{"rendered":"https:\/\/radioosjakow.pl\/?p=69"},"modified":"2026-01-20T16:01:05","modified_gmt":"2026-01-20T16:01:05","slug":"noworoczne-spotkanie-pelne-ciepla-w-drobnicach-swietujemy-dzien-babci-i-dziadka","status":"publish","type":"post","link":"https:\/\/radioosjakow.pl\/?p=69","title":{"rendered":"Noworoczne spotkanie pe\u0142ne ciep\u0142a w Drobnicach \u2013 \u015bwi\u0119tujemy Dzie\u0144 Babci i Dziadka"},"content":{"rendered":"\n<p>Stycze\u0144 to czas, w kt\u00f3rym szczeg\u00f3lnie mocno doceniamy blisko\u015b\u0107 i rodzinne relacje. W\u0142a\u015bnie dlatego <strong>Punkt Przedszkolny oraz Katolicka Szko\u0142a Podstawowa SPSK im. \u015bw. Faustyny Kowalskiej w Drobnicach<\/strong> zapraszaj\u0105 na wyj\u0105tkowe <strong>Spotkanie Noworoczne po\u0142\u0105czone z obchodami Dnia Babci i Dziadka<\/strong>.<\/p>\n\n\n\n<figure class=\"wp-block-image size-large\"><img src=\"https:\/\/radioosjakow.pl\/wp-content\/uploads\/2026\/01\/615815101_1331369122341768_6104663967065949097_n-726x1024.jpg\" alt=\"\" class=\"wp-image-70\"\/><\/figure>\n\n\n\n<figure class=\"wp-block-audio\"><audio controls src=\"https:\/\/radioosjakow.pl\/wp-content\/uploads\/2026\/01\/Dzien-babci-i-dziadka-w-Drobnicach.mp3\"><\/audio><\/figure>\n\n\n\n<p>Uroczysto\u015b\u0107 odb\u0119dzie si\u0119 <strong>22 stycznia 2026 roku o godzinie 17.00 w sali OSP Drobnice<\/strong>. Organizatorzy serdecznie zapraszaj\u0105 babcie, dziadk\u00f3w, rodzic\u00f3w oraz przyjaci\u00f3\u0142 szko\u0142y, by wsp\u00f3lnie sp\u0119dzi\u0107 ten zimowy wiecz\u00f3r w radosnej, rodzinnej atmosferze.<\/p>\n\n\n\n<p>Podczas spotkania nie zabraknie wsp\u00f3lnego kol\u0119dowania, wzruszaj\u0105cych wyst\u0119p\u00f3w przygotowanych przez dzieci oraz chwil pe\u0142nych u\u015bmiechu i ciep\u0142a. To doskona\u0142a okazja, aby zatrzyma\u0107 si\u0119 na moment, poby\u0107 razem i podzi\u0119kowa\u0107 seniorom za ich mi\u0142o\u015b\u0107, m\u0105dro\u015b\u0107 i codzienne wsparcie.<\/p>\n\n\n\n<p>Noworoczne spotkanie w Drobnicach to nie tylko wydarzenie artystyczne, ale przede wszystkim pi\u0119kne \u015bwi\u0119to mi\u0119dzypokoleniowej wsp\u00f3lnoty. Organizatorzy pragn\u0105, aby ka\u017cdy go\u015b\u0107 poczu\u0142 si\u0119 tu wyj\u0105tkowo i zabra\u0142 ze sob\u0105 mi\u0142e wspomnienia na d\u0142ugie miesi\u0105ce.<\/p>\n\n\n\n<p>Serdecznie zapraszamy wszystkich, kt\u00f3rzy chc\u0105 rozpocz\u0105\u0107 nowy rok w atmosferze rado\u015bci, tradycji i rodzinnego ciep\u0142a.<\/p>\n\n\n\n<p>\ud83d\udcc5 <strong>22.01.2026 r.<\/strong><br>\ud83d\udd54 <strong>godz. 17.00<\/strong><br>\ud83d\udccd <strong>Sala OSP Drobnice<\/strong><\/p>\n","protected":false},"excerpt":{"rendered":"<p>Stycze\u0144 to czas, w kt\u00f3rym szczeg\u00f3lnie mocno doceniamy blisko\u015b\u0107 i rodzinne relacje. W\u0142a\u015bnie dlatego Punkt Przedszkolny oraz Katolicka Szko\u0142a Podstawowa SPSK im. \u015bw. Faustyny Kowalskiej w Drobnicach zapraszaj\u0105 na wyj\u0105tkowe Spotkanie Noworoczne po\u0142\u0105czone z obchodami Dnia Babci i Dziadka. Uroczysto\u015b\u0107 odb\u0119dzie si\u0119 22 stycznia 2026 roku o godzinie 17.00 w sali OSP Drobnice. Organizatorzy serdecznie [&hellip;]<\/p>\n","protected":false},"author":1,"featured_media":70,"comment_status":"open","ping_status":"open","sticky":false,"template":"","format":"standard","meta":{"footnotes":""},"categories":[7,3,4],"tags":[],"class_list":["post-69","post","type-post","status-publish","format-standard","has-post-thumbnail","hentry","category-gmina","category-wiadomosci","category-wydarzenia"],"_links":{"self":[{"href":"https:\/\/radioosjakow.pl\/index.php?rest_route=\/wp\/v2\/posts\/69","targetHints":{"allow":["GET"]}}],"collection":[{"href":"https:\/\/radioosjakow.pl\/index.php?rest_route=\/wp\/v2\/posts"}],"about":[{"href":"https:\/\/radioosjakow.pl\/index.php?rest_route=\/wp\/v2\/types\/post"}],"author":[{"embeddable":true,"href":"https:\/\/radioosjakow.pl\/index.php?rest_route=\/wp\/v2\/users\/1"}],"replies":[{"embeddable":true,"href":"https:\/\/radioosjakow.pl\/index.php?rest_route=%2Fwp%2Fv2%2Fcomments&post=69"}],"version-history":[{"count":2,"href":"https:\/\/radioosjakow.pl\/index.php?rest_route=\/wp\/v2\/posts\/69\/revisions"}],"predecessor-version":[{"id":73,"href":"https:\/\/radioosjakow.pl\/index.php?rest_route=\/wp\/v2\/posts\/69\/revisions\/73"}],"wp:featuredmedia":[{"embeddable":true,"href":"https:\/\/radioosjakow.pl\/index.php?rest_route=\/wp\/v2\/media\/70"}],"wp:attachment":[{"href":"https:\/\/radioosjakow.pl\/index.php?rest_route=%2Fwp%2Fv2%2Fmedia&parent=69"}],"wp:term":[{"taxonomy":"category","embeddable":true,"href":"https:\/\/radioosjakow.pl\/index.php?rest_route=%2Fwp%2Fv2%2Fcategories&post=69"},{"taxonomy":"post_tag","embeddable":true,"href":"https:\/\/radioosjakow.pl\/index.php?rest_route=%2Fwp%2Fv2%2Ftags&post=69"}],"curies":[{"name":"wp","href":"https:\/\/api.w.org\/{rel}","templated":true}]}}