{"id":708,"date":"2026-03-08T10:34:04","date_gmt":"2026-03-08T10:34:04","guid":{"rendered":"https:\/\/radioosjakow.pl\/?p=708"},"modified":"2026-03-08T10:39:13","modified_gmt":"2026-03-08T10:39:13","slug":"dzien-kobiet-w-podjadku-w-osjakowie-wspolne-swietowanie-pelne-radosci","status":"publish","type":"post","link":"https:\/\/radioosjakow.pl\/?p=708","title":{"rendered":"Dzie\u0144 Kobiet w Podjadku w Osjakowie \u2013 wsp\u00f3lne \u015bwi\u0119towanie pe\u0142ne rado\u015bci"},"content":{"rendered":"\n<p>7 marca w Podjadku w Osjakowie odby\u0142a si\u0119 wyj\u0105tkowa uroczysto\u015b\u0107 z okazji Dnia Kobiet, kt\u00f3rej organizatorem by\u0142o <strong>So\u0142ectwo Osjak\u00f3w<\/strong>. Wydarzenie zgromadzi\u0142o wiele mieszkanek oraz mieszka\u0144c\u00f3w, kt\u00f3rzy wsp\u00f3lnie postanowili uczci\u0107 to szczeg\u00f3lne \u015bwi\u0119to w mi\u0142ej i radosnej atmosferze.<\/p>\n\n\n\n<figure class=\"wp-block-image size-large is-resized\"><img loading=\"lazy\" width=\"1024\" height=\"683\" src=\"https:\/\/radioosjakow.pl\/wp-content\/uploads\/2026\/03\/DZIENKOBIETMALE-19-1024x683.jpg\" alt=\"\" class=\"wp-image-727\" style=\"aspect-ratio:1.4992888417882142;width:750px;height:auto\" srcset=\"https:\/\/radioosjakow.pl\/wp-content\/uploads\/2026\/03\/DZIENKOBIETMALE-19-1024x683.jpg 1024w, https:\/\/radioosjakow.pl\/wp-content\/uploads\/2026\/03\/DZIENKOBIETMALE-19-300x200.jpg 300w, https:\/\/radioosjakow.pl\/wp-content\/uploads\/2026\/03\/DZIENKOBIETMALE-19-768x512.jpg 768w, https:\/\/radioosjakow.pl\/wp-content\/uploads\/2026\/03\/DZIENKOBIETMALE-19-100x67.jpg 100w, https:\/\/radioosjakow.pl\/wp-content\/uploads\/2026\/03\/DZIENKOBIETMALE-19-1536x1024.jpg 1536w, https:\/\/radioosjakow.pl\/wp-content\/uploads\/2026\/03\/DZIENKOBIETMALE-19.jpg 2048w\" sizes=\"auto, (max-width: 1024px) 100vw, 1024px\" \/><\/figure>\n\n\n\n<p>Wiecz\u00f3r up\u0142yn\u0105\u0142 pod znakiem dobrej zabawy, rozm\u00f3w oraz wsp\u00f3lnego \u015bwi\u0119towania. Nie zabrak\u0142o u\u015bmiech\u00f3w, \u017cycze\u0144 dla wszystkich Pa\u0144 oraz okazji do integracji lokalnej spo\u0142eczno\u015bci. O opraw\u0119 muzyczn\u0105 wydarzenia zadba\u0142 <strong>DJ Pietrzak Event<\/strong>, kt\u00f3ry przygotowa\u0142 muzyk\u0119 zach\u0119caj\u0105c\u0105 do ta\u0144ca i sprawi\u0142, \u017ce parkiet przez ca\u0142y wiecz\u00f3r by\u0142 pe\u0142en.<\/p>\n\n\n\n<p>Takie inicjatywy pokazuj\u0105, jak wa\u017cne s\u0105 spotkania integruj\u0105ce mieszka\u0144c\u00f3w i buduj\u0105ce lokaln\u0105 wsp\u00f3lnot\u0119. Organizatorzy podkre\u015blaj\u0105, \u017ce celem wydarzenia by\u0142o przede wszystkim wsp\u00f3lne sp\u0119dzenie czasu oraz podzi\u0119kowanie wszystkim kobietom za ich codzienny wk\u0142ad w \u017cycie rodzinne i spo\u0142eczne.<\/p>\n\n\n\n<figure class=\"wp-block-image size-large\"><img loading=\"lazy\" width=\"1024\" height=\"683\" src=\"https:\/\/radioosjakow.pl\/wp-content\/uploads\/2026\/03\/DZIENKOBIETMALE-29-1024x683.jpg\" alt=\"\" class=\"wp-image-737\" srcset=\"https:\/\/radioosjakow.pl\/wp-content\/uploads\/2026\/03\/DZIENKOBIETMALE-29-1024x683.jpg 1024w, https:\/\/radioosjakow.pl\/wp-content\/uploads\/2026\/03\/DZIENKOBIETMALE-29-300x200.jpg 300w, https:\/\/radioosjakow.pl\/wp-content\/uploads\/2026\/03\/DZIENKOBIETMALE-29-768x512.jpg 768w, https:\/\/radioosjakow.pl\/wp-content\/uploads\/2026\/03\/DZIENKOBIETMALE-29-100x67.jpg 100w, https:\/\/radioosjakow.pl\/wp-content\/uploads\/2026\/03\/DZIENKOBIETMALE-29-1536x1024.jpg 1536w, https:\/\/radioosjakow.pl\/wp-content\/uploads\/2026\/03\/DZIENKOBIETMALE-29.jpg 2048w\" sizes=\"auto, (max-width: 1024px) 100vw, 1024px\" \/><\/figure>\n\n\n\n<p>Z wydarzenia przygotowana zosta\u0142a tak\u017ce fotorelacja oraz kr\u00f3tki film, kt\u00f3ry pokazuje najciekawsze momenty tej wyj\u0105tkowej imprezy. Materia\u0142y te stanowi\u0105 pami\u0105tk\u0119 z udanego spotkania i pozwalaj\u0105 jeszcze raz wr\u00f3ci\u0107 do atmosfery tego wieczoru.<\/p>\n\n\n\n<p>So\u0142ectwo Osjak\u00f3w dzi\u0119kuje wszystkim uczestnikom za obecno\u015b\u0107, wsp\u00f3ln\u0105 zabaw\u0119 oraz stworzenie niezwykle ciep\u0142ej i przyjaznej atmosfery.<\/p>\n\n\n\n<figure class=\"wp-block-embed is-type-video is-provider-tiktok wp-block-embed-tiktok\"><div class=\"wp-block-embed__wrapper\">\n<blockquote class=\"tiktok-embed\" cite=\"https:\/\/www.tiktok.com\/@radioosjakow\/video\/7614829947634371862\" data-video-id=\"7614829947634371862\" data-embed-from=\"oembed\" style=\"max-width:605px; min-width:325px;\"> <section> <a target=\"_blank\" title=\"@radioosjakow\" href=\"https:\/\/www.tiktok.com\/@radioosjakow?refer=embed\">@radioosjakow<\/a> <p>\ud83c\udfa5 Film z Dnia Kobiet w Podjadku w Osjakowie \ud83c\udf38 7 marca w Podjadku w Osjakowie odby\u0142a si\u0119 wyj\u0105tkowa impreza z okazji Dnia Kobiet, zorganizowana przez So\u0142ectwo. By\u0142 to wiecz\u00f3r pe\u0142en rado\u015bci, ta\u0144ca i \u015bwietnej atmosfery. O opraw\u0119 muzyczn\u0105 zadba\u0142 DJ Pietrzak Event, kt\u00f3ry rozgrza\u0142 parkiet do czerwono\u015bci! \ud83d\udc83\ud83c\udfb6 Dzi\u015b zapraszamy do obejrzenia kr\u00f3tkiego filmu z tego wydarzenia, kt\u00f3ry pokazuje jak wspaniale wsp\u00f3lnie \u015bwi\u0119towali\u015bmy. Dzi\u0119kujemy wszystkim za obecno\u015b\u0107 i niezapomnian\u0105 zabaw\u0119! \ud83d\udc90 Mi\u0142ego ogl\u0105dania! \ud83c\udfac<\/p> <a target=\"_blank\" title=\"\u266c oryginalny d\u017awi\u0119k \u2013 Radioosjakow.pl - Radioosjakow.pl\" href=\"https:\/\/www.tiktok.com\/music\/oryginalny-d\u017awi\u0119k-\u2013-Radioosjakowpl-7614829982049291030?refer=embed\">\u266c oryginalny d\u017awi\u0119k \u2013 Radioosjakow.pl &#8211; Radioosjakow.pl<\/a> <\/section> <\/blockquote> <script async src=\"https:\/\/www.tiktok.com\/embed.js\"><\/script>\n<\/div><\/figure>\n\n\n\n<p>Wi\u0119cej zdj\u0119\u0107 w galerii na naszej stronie <\/p>\n\n\n\n<p><\/p>\n","protected":false},"excerpt":{"rendered":"<p>7 marca w Podjadku w Osjakowie odby\u0142a si\u0119 wyj\u0105tkowa uroczysto\u015b\u0107 z okazji Dnia Kobiet, kt\u00f3rej organizatorem by\u0142o So\u0142ectwo Osjak\u00f3w. Wydarzenie zgromadzi\u0142o wiele mieszkanek oraz mieszka\u0144c\u00f3w, kt\u00f3rzy wsp\u00f3lnie postanowili uczci\u0107 to szczeg\u00f3lne \u015bwi\u0119to w mi\u0142ej i radosnej atmosferze. Wiecz\u00f3r up\u0142yn\u0105\u0142 pod znakiem dobrej zabawy, rozm\u00f3w oraz wsp\u00f3lnego \u015bwi\u0119towania. Nie zabrak\u0142o u\u015bmiech\u00f3w, \u017cycze\u0144 dla wszystkich Pa\u0144 oraz [&hellip;]<\/p>\n","protected":false},"author":1,"featured_media":709,"comment_status":"open","ping_status":"open","sticky":false,"template":"","format":"standard","meta":{"footnotes":""},"categories":[7,3,4],"tags":[],"class_list":["post-708","post","type-post","status-publish","format-standard","has-post-thumbnail","hentry","category-gmina","category-wiadomosci","category-wydarzenia"],"_links":{"self":[{"href":"https:\/\/radioosjakow.pl\/index.php?rest_route=\/wp\/v2\/posts\/708","targetHints":{"allow":["GET"]}}],"collection":[{"href":"https:\/\/radioosjakow.pl\/index.php?rest_route=\/wp\/v2\/posts"}],"about":[{"href":"https:\/\/radioosjakow.pl\/index.php?rest_route=\/wp\/v2\/types\/post"}],"author":[{"embeddable":true,"href":"https:\/\/radioosjakow.pl\/index.php?rest_route=\/wp\/v2\/users\/1"}],"replies":[{"embeddable":true,"href":"https:\/\/radioosjakow.pl\/index.php?rest_route=%2Fwp%2Fv2%2Fcomments&post=708"}],"version-history":[{"count":5,"href":"https:\/\/radioosjakow.pl\/index.php?rest_route=\/wp\/v2\/posts\/708\/revisions"}],"predecessor-version":[{"id":771,"href":"https:\/\/radioosjakow.pl\/index.php?rest_route=\/wp\/v2\/posts\/708\/revisions\/771"}],"wp:featuredmedia":[{"embeddable":true,"href":"https:\/\/radioosjakow.pl\/index.php?rest_route=\/wp\/v2\/media\/709"}],"wp:attachment":[{"href":"https:\/\/radioosjakow.pl\/index.php?rest_route=%2Fwp%2Fv2%2Fmedia&parent=708"}],"wp:term":[{"taxonomy":"category","embeddable":true,"href":"https:\/\/radioosjakow.pl\/index.php?rest_route=%2Fwp%2Fv2%2Fcategories&post=708"},{"taxonomy":"post_tag","embeddable":true,"href":"https:\/\/radioosjakow.pl\/index.php?rest_route=%2Fwp%2Fv2%2Ftags&post=708"}],"curies":[{"name":"wp","href":"https:\/\/api.w.org\/{rel}","templated":true}]}}