{"id":984,"date":"2026-04-28T15:51:02","date_gmt":"2026-04-28T15:51:02","guid":{"rendered":"https:\/\/radioosjakow.pl\/?p=984"},"modified":"2026-04-28T15:55:58","modified_gmt":"2026-04-28T15:55:58","slug":"nowy-quad-w-osp-osjakow-uroczyste-powitanie-sprzetu-ratowniczego","status":"publish","type":"post","link":"https:\/\/radioosjakow.pl\/?p=984","title":{"rendered":"Nowy quad w OSP\u202fOsjak\u00f3w! Uroczyste powitanie sprz\u0119tu ratowniczego"},"content":{"rendered":"\n<p>We wtorek, 28\u202fkwietnia\u202f2026\u202froku o\u202fgodzinie\u202f16:00, na placu przy Gminnym\u202fO\u015brodku\u202fKultury\u202fw\u202fOsjakowie, odby\u0142o si\u0119 uroczyste powitanie nowego pojazdu ratowniczego \u2013 quada terenowego, kt\u00f3ry zasili\u0142 szeregi Ochotniczej\u202fStra\u017cy\u202fPo\u017carnej\u202fw\u202fOsjakowie.<\/p>\n\n\n\n<p>Prezes\u202fOSP\u202fOsjak\u00f3w,\u202fWaldemar\u202fKostrzewa, opowiedzia\u0142 o\u202fpraktycznym zastosowaniu nowego pojazdu:<\/p>\n\n\n\n<blockquote class=\"wp-block-quote is-layout-flow wp-block-quote-is-layout-flow\">\n<p>\u201ePodczas\u202fposzukiwa\u0144\u202fzaginionych\u202fos\u00f3b,\u202fcz\u0119sto\u202fw\u202flesie\u202fczy\u202ftrudnym\u202fterenie,\u202fstra\u017cacy\u202fmusieli\u202fporusza\u0107\u202fsi\u0119\u202fpieszo.\u202fTeraz\u202fquad\u202fpozwoli\u202fszybciej\u202fdotrze\u0107\u202fdo\u202ftakich\u202fmiejsc\u202fi\u202fu\u0142atwi\u202fdzia\u0142ania\u202fratownicze.<br>Pojazd\u202fb\u0119dzie\u202fte\u017c\u202fpomaga\u0142\u202fpodczas\u202fwydarze\u0144\u202flokalnych,\u202ftakich\u202fjak\u202fbieg\u202fMila\u202fOsjakowska.\u202fPlanujemy\u202fdoda\u0107\u202fdo\u202fniego\u202fwyposa\u017cenie\u202fmedyczne,\u202fbo\u202fma\u202fz\u202fty\u0142u\u202fkufer\u202fprzystosowany\u202fdo\u202ftransportu\u202ftakich\u202fzestaw\u00f3w.\u201d<\/p>\n<\/blockquote>\n\n\n\n<figure class=\"wp-block-audio\"><audio controls src=\"https:\/\/radioosjakow.pl\/wp-content\/uploads\/2026\/04\/renata-kostrzycka-quad.mp3\"><\/audio><\/figure>\n\n\n\n<p>W\u202fswoim wyst\u0105pieniu\u202fSabina\u202fJasicka, przewodnicz\u0105ca\u202fRady\u202fMiejskiej, zaznaczy\u0142a, \u017ce\u202fpomys\u0142 zakupu quada narodzi\u0142 si\u0119 w\u015br\u00f3d stra\u017cackiej m\u0142odzie\u017cy:<\/p>\n\n\n\n<blockquote class=\"wp-block-quote is-layout-flow wp-block-quote-is-layout-flow\">\n<p>\u201eTaki\u202fsprz\u0119t\u202fpowinna\u202fmie\u0107\u202fka\u017cda\u202fgmina,\u202fa\u202fw\u202fszczeg\u00f3lno\u015bci jednostka,\u202fkt\u00f3ra\u202fnajcz\u0119\u015bciej\u202fudziela\u202fsi\u0119\u202fwe\u202fwszystkich\u202fakcjach.\u202fInicjatywa\u202fwysz\u0142a\u202fod\u202fm\u0142odych\u202fstra\u017cak\u00f3w\u202fOSP\u202fOsjak\u00f3w.\u202fTo\u202foni\u202forganizowali\u202fzbi\u00f3rki\u202fi\u202fakcje,\u202fw\u202ftym\u202fzbi\u00f3rk\u0119\u202fz\u0142omu,\u202fkt\u00f3ra\u202fprzynios\u0142a\u202fim\u202fsporo\u202f\u015brodk\u00f3w,\u202foraz\u202fzach\u0119cali\u202fmieszka\u0144c\u00f3w\u202fdo\u202fwsparcia.<br>Impulsem\u202fdo\u202fzakupu\u202fby\u0142y\u202fposzukiwania\u202fzaginionej\u202fosoby\u202fw\u202fzesz\u0142ym\u202froku,\u202fpodczas\u202fkt\u00f3rych\u202fwozy\u202fstra\u017cackie\u202fnie\u202fmog\u0142y\u202fdzia\u0142a\u0107\u202fw\u202ftrudnym\u202fterenie.\u202fQuad\u202fto\u202fodpowied\u017a\u202fna\u202ftakie\u202fsytuacje\u202f\u2013\u202fsprawdzi\u202fsi\u0119\u202ftam,\u202fgdzie\u202fsamoch\u00f3d\u202fnie\u202fdojedzie.\u201d<\/p>\n<\/blockquote>\n\n\n\n<figure class=\"wp-block-audio\"><audio controls src=\"https:\/\/radioosjakow.pl\/wp-content\/uploads\/2026\/04\/sabina-jasicka.mp3\"><\/audio><\/figure>\n\n\n\n<p>Prezes\u202fOSP\u202fOsjak\u00f3w,\u202fWaldemar\u202fKostrzewa, opowiedzia\u0142 o\u202fpraktycznym zastosowaniu nowego pojazdu:<\/p>\n\n\n\n<blockquote class=\"wp-block-quote is-layout-flow wp-block-quote-is-layout-flow\">\n<p>\u201ePodczas\u202fposzukiwa\u0144\u202fzaginionych\u202fos\u00f3b,\u202fcz\u0119sto\u202fw\u202flesie\u202fczy\u202ftrudnym\u202fterenie,\u202fstra\u017cacy\u202fmusieli\u202fporusza\u0107\u202fsi\u0119\u202fpieszo.\u202fTeraz\u202fquad\u202fpozwoli\u202fszybciej\u202fdotrze\u0107\u202fdo\u202ftakich\u202fmiejsc\u202fi\u202fu\u0142atwi\u202fdzia\u0142ania\u202fratownicze.<br>Pojazd\u202fb\u0119dzie\u202fte\u017c\u202fpomaga\u0142\u202fpodczas\u202fwydarze\u0144\u202flokalnych,\u202ftakich\u202fjak\u202fbieg\u202fMila\u202fOsjakowska.\u202fPlanujemy\u202fdoda\u0107\u202fdo\u202fniego\u202fwyposa\u017cenie\u202fmedyczne,\u202fbo\u202fma\u202fz\u202fty\u0142u\u202fkufer\u202fprzystosowany\u202fdo\u202ftransportu\u202ftakich\u202fzestaw\u00f3w.\u201d<\/p>\n<\/blockquote>\n\n\n\n<figure class=\"wp-block-audio\"><audio controls src=\"https:\/\/radioosjakow.pl\/wp-content\/uploads\/2026\/04\/kostrzewa.mp3\"><\/audio><\/figure>\n","protected":false},"excerpt":{"rendered":"<p>We wtorek, 28\u202fkwietnia\u202f2026\u202froku o\u202fgodzinie\u202f16:00, na placu przy Gminnym\u202fO\u015brodku\u202fKultury\u202fw\u202fOsjakowie, odby\u0142o si\u0119 uroczyste powitanie nowego pojazdu ratowniczego \u2013 quada terenowego, kt\u00f3ry zasili\u0142 szeregi Ochotniczej\u202fStra\u017cy\u202fPo\u017carnej\u202fw\u202fOsjakowie. Prezes\u202fOSP\u202fOsjak\u00f3w,\u202fWaldemar\u202fKostrzewa, opowiedzia\u0142 o\u202fpraktycznym zastosowaniu nowego pojazdu: \u201ePodczas\u202fposzukiwa\u0144\u202fzaginionych\u202fos\u00f3b,\u202fcz\u0119sto\u202fw\u202flesie\u202fczy\u202ftrudnym\u202fterenie,\u202fstra\u017cacy\u202fmusieli\u202fporusza\u0107\u202fsi\u0119\u202fpieszo.\u202fTeraz\u202fquad\u202fpozwoli\u202fszybciej\u202fdotrze\u0107\u202fdo\u202ftakich\u202fmiejsc\u202fi\u202fu\u0142atwi\u202fdzia\u0142ania\u202fratownicze.Pojazd\u202fb\u0119dzie\u202fte\u017c\u202fpomaga\u0142\u202fpodczas\u202fwydarze\u0144\u202flokalnych,\u202ftakich\u202fjak\u202fbieg\u202fMila\u202fOsjakowska.\u202fPlanujemy\u202fdoda\u0107\u202fdo\u202fniego\u202fwyposa\u017cenie\u202fmedyczne,\u202fbo\u202fma\u202fz\u202fty\u0142u\u202fkufer\u202fprzystosowany\u202fdo\u202ftransportu\u202ftakich\u202fzestaw\u00f3w.\u201d W\u202fswoim wyst\u0105pieniu\u202fSabina\u202fJasicka, przewodnicz\u0105ca\u202fRady\u202fMiejskiej, zaznaczy\u0142a, \u017ce\u202fpomys\u0142 zakupu quada narodzi\u0142 si\u0119 w\u015br\u00f3d stra\u017cackiej m\u0142odzie\u017cy: \u201eTaki\u202fsprz\u0119t\u202fpowinna\u202fmie\u0107\u202fka\u017cda\u202fgmina,\u202fa\u202fw\u202fszczeg\u00f3lno\u015bci jednostka,\u202fkt\u00f3ra\u202fnajcz\u0119\u015bciej\u202fudziela\u202fsi\u0119\u202fwe\u202fwszystkich\u202fakcjach.\u202fInicjatywa\u202fwysz\u0142a\u202fod\u202fm\u0142odych\u202fstra\u017cak\u00f3w\u202fOSP\u202fOsjak\u00f3w.\u202fTo\u202foni\u202forganizowali\u202fzbi\u00f3rki\u202fi\u202fakcje,\u202fw\u202ftym\u202fzbi\u00f3rk\u0119\u202fz\u0142omu,\u202fkt\u00f3ra\u202fprzynios\u0142a\u202fim\u202fsporo\u202f\u015brodk\u00f3w,\u202foraz\u202fzach\u0119cali\u202fmieszka\u0144c\u00f3w\u202fdo\u202fwsparcia.Impulsem\u202fdo\u202fzakupu\u202fby\u0142y\u202fposzukiwania\u202fzaginionej\u202fosoby\u202fw\u202fzesz\u0142ym\u202froku,\u202fpodczas\u202fkt\u00f3rych\u202fwozy\u202fstra\u017cackie\u202fnie\u202fmog\u0142y\u202fdzia\u0142a\u0107\u202fw\u202ftrudnym\u202fterenie.\u202fQuad\u202fto\u202fodpowied\u017a\u202fna\u202ftakie\u202fsytuacje\u202f\u2013\u202fsprawdzi\u202fsi\u0119\u202ftam,\u202fgdzie\u202fsamoch\u00f3d\u202fnie\u202fdojedzie.\u201d Prezes\u202fOSP\u202fOsjak\u00f3w,\u202fWaldemar\u202fKostrzewa, opowiedzia\u0142 o\u202fpraktycznym zastosowaniu nowego pojazdu: \u201ePodczas\u202fposzukiwa\u0144\u202fzaginionych\u202fos\u00f3b,\u202fcz\u0119sto\u202fw\u202flesie\u202fczy\u202ftrudnym\u202fterenie,\u202fstra\u017cacy\u202fmusieli\u202fporusza\u0107\u202fsi\u0119\u202fpieszo.\u202fTeraz\u202fquad\u202fpozwoli\u202fszybciej\u202fdotrze\u0107\u202fdo\u202ftakich\u202fmiejsc\u202fi\u202fu\u0142atwi\u202fdzia\u0142ania\u202fratownicze.Pojazd\u202fb\u0119dzie\u202fte\u017c\u202fpomaga\u0142\u202fpodczas\u202fwydarze\u0144\u202flokalnych,\u202ftakich\u202fjak\u202fbieg\u202fMila\u202fOsjakowska.\u202fPlanujemy\u202fdoda\u0107\u202fdo\u202fniego\u202fwyposa\u017cenie\u202fmedyczne,\u202fbo\u202fma\u202fz\u202fty\u0142u\u202fkufer\u202fprzystosowany\u202fdo\u202ftransportu\u202ftakich\u202fzestaw\u00f3w.\u201d<\/p>\n","protected":false},"author":1,"featured_media":1005,"comment_status":"open","ping_status":"open","sticky":false,"template":"","format":"standard","meta":{"footnotes":""},"categories":[3],"tags":[],"class_list":["post-984","post","type-post","status-publish","format-standard","has-post-thumbnail","hentry","category-wiadomosci"],"_links":{"self":[{"href":"https:\/\/radioosjakow.pl\/index.php?rest_route=\/wp\/v2\/posts\/984","targetHints":{"allow":["GET"]}}],"collection":[{"href":"https:\/\/radioosjakow.pl\/index.php?rest_route=\/wp\/v2\/posts"}],"about":[{"href":"https:\/\/radioosjakow.pl\/index.php?rest_route=\/wp\/v2\/types\/post"}],"author":[{"embeddable":true,"href":"https:\/\/radioosjakow.pl\/index.php?rest_route=\/wp\/v2\/users\/1"}],"replies":[{"embeddable":true,"href":"https:\/\/radioosjakow.pl\/index.php?rest_route=%2Fwp%2Fv2%2Fcomments&post=984"}],"version-history":[{"count":11,"href":"https:\/\/radioosjakow.pl\/index.php?rest_route=\/wp\/v2\/posts\/984\/revisions"}],"predecessor-version":[{"id":1015,"href":"https:\/\/radioosjakow.pl\/index.php?rest_route=\/wp\/v2\/posts\/984\/revisions\/1015"}],"wp:featuredmedia":[{"embeddable":true,"href":"https:\/\/radioosjakow.pl\/index.php?rest_route=\/wp\/v2\/media\/1005"}],"wp:attachment":[{"href":"https:\/\/radioosjakow.pl\/index.php?rest_route=%2Fwp%2Fv2%2Fmedia&parent=984"}],"wp:term":[{"taxonomy":"category","embeddable":true,"href":"https:\/\/radioosjakow.pl\/index.php?rest_route=%2Fwp%2Fv2%2Fcategories&post=984"},{"taxonomy":"post_tag","embeddable":true,"href":"https:\/\/radioosjakow.pl\/index.php?rest_route=%2Fwp%2Fv2%2Ftags&post=984"}],"curies":[{"name":"wp","href":"https:\/\/api.w.org\/{rel}","templated":true}]}}